{"id":870,"date":"2023-12-16T21:18:00","date_gmt":"2023-12-16T20:18:00","guid":{"rendered":"https:\/\/schuetzengildelohhof.de\/?p=870"},"modified":"2024-01-08T19:21:48","modified_gmt":"2024-01-08T18:21:48","slug":"jahresabschlussfeier-2023","status":"publish","type":"post","link":"https:\/\/schuetzengildelohhof.de\/?p=870","title":{"rendered":"Jahresabschlussfeier 2023"},"content":{"rendered":"\n<p>Dieses Jahr feierte die Sch\u00fctzengilde Lohhof e.V. wieder die Jahresabschlussfeier im Gr\u00fcnen Saal direkt neben unserem Sch\u00fctzenst\u00fcberl. An der gut besuchten Feier am 16. Dezember 2023 freuten sich alle Sch\u00fctzenschwestern und -br\u00fcder wieder gemeinsam auf das letzte (bewegte) Jahr zur\u00fcck zu blicken und die neuen Sch\u00fctzenk\u00f6nige nach ihrer Proklamation standesgem\u00e4\u00df feiern zu k\u00f6nnen.<\/p>\n\n\n\n<p>Der neue Sch\u00fctzenk\u00f6nig 2024 hei\u00dft Georg Isemann. Er konnte damit &#8222;den Lauf&#8220; von Lisa Forstner, die mit dem zweitbesten Blattl diesmal die prachtvollen Kette \u00fcbergeben durfte, unterbrechen. Als zweite Vertretung traf mit Tim Chen (Breznk\u00f6nig) als Drittbester in die Mitte der K\u00f6nigsscheibe.<\/p>\n\n\n\n<figure class=\"wp-block-image size-large\"><img loading=\"lazy\" decoding=\"async\" width=\"1024\" height=\"896\" src=\"https:\/\/schuetzengildelohhof.de\/wp-content\/uploads\/2023\/12\/5474131339004465610_121-1024x896.jpg\" alt=\"\" class=\"wp-image-872\" srcset=\"https:\/\/schuetzengildelohhof.de\/wp-content\/uploads\/2023\/12\/5474131339004465610_121-1024x896.jpg 1024w, https:\/\/schuetzengildelohhof.de\/wp-content\/uploads\/2023\/12\/5474131339004465610_121-300x263.jpg 300w, https:\/\/schuetzengildelohhof.de\/wp-content\/uploads\/2023\/12\/5474131339004465610_121-768x672.jpg 768w, https:\/\/schuetzengildelohhof.de\/wp-content\/uploads\/2023\/12\/5474131339004465610_121.jpg 1280w\" sizes=\"auto, (max-width: 1024px) 100vw, 1024px\" \/><figcaption class=\"wp-element-caption\">v.l.n.r.: Sch\u00fctzenmeister Bernhard Gier, Auflage-Wurstk\u00f6nig Walter Ungnadner, Jugend-Wurstk\u00f6nig Julian Hufer, Auflage-K\u00f6nig Peter H\u00fcller, Jugend-K\u00f6nigin Elena Ebi, Jugend-Brezenk\u00f6nig Lukas Hufer, Sch\u00fctzenk\u00f6nig Georg Isemann, Auflage-Brezenk\u00f6nig Klaus Holler, Wurstk\u00f6nigin Lisa Forstner<\/figcaption><\/figure>\n\n\n\n<p>Jugendsch\u00fctzenk\u00f6nigin wurde wieder Elena Ebi, die ihren Titel vom letzten Jahr erfolgreich verteidigen konnte. Jugendwurstk\u00f6nig wurde Julian Hufer vor seinem Bruder Lukas als Jugendbreznk\u00f6nig.<\/p>\n\n\n\n<p>Die erst vor wenigen Jahren neu vergebene Kette f\u00fcr unsere alterserfahrenen Auflagesch\u00fctz*innen darf sich Peter H\u00fcller im kommenden Jahr umh\u00e4ngen. Seine K\u00f6nigsvertreter sind Walter Ungnadner und Klaus Holler. <\/p>\n\n\n\n<p>W\u00e4hrend der Veranstaltung wurden nat\u00fcrlich auch die weiteren traditionellen Preise vergeben:<\/p>\n\n\n\n<p>Den Alterspreis \u201eHaglstecka\u201c gewann Ingolf Stange.<br>Den Nikolauskorb gewann Peter H\u00fcller. Auf die Weihnachtsscheibe darf sich Klaus Holler verewigen lassen.<\/p>\n\n\n\n<p>Am Abend wurden auch langj\u00e4hrige Mitglieder des Vereins geehrt. Allen voran m\u00f6chte sich die Sch\u00fctzengilde bei Ehrenmitglied Annemarie Kessner, Eva Tomasic, Harald Nu\u00dfbaum und Bernhard Graf f\u00fcr 40-j\u00e4hrige Vereinstreue bedanken! Bastian Barth, Ivan Tomasic, Ludwig Pettinger und Monika Skrotzki feierten in 2023 ihren 30. Vereinsjahrtag. Weitere Mitglieder wurden nat\u00fcrlich auch f\u00fcr Ihre 25-, 20- und 10-j\u00e4hrige Treue mit einer Urkunde und der Jubil\u00e4umsanstecknadel bedacht.<\/p>\n\n\n\n<p>Im Nachgang nochmals vielen Dank an alle aktiven und auch passiven Mitglieder f\u00fcr Ihr weitere Unterst\u00fctzung in den letzten Jahren. Im diesem Sinne w\u00fcrden wir uns freuen Euch und auch alle Interessierten im kommenden Jahr wieder pers\u00f6nlich im Sch\u00fctzenst\u00fcberl begr\u00fc\u00dfen zu d\u00fcrfen.<\/p>\n\n\n\n<p>Weitere <a href=\"http:\/\/dshufelix.selfhost.eu\/\" target=\"_blank\" rel=\"noreferrer noopener\">Fotos<\/a> finden Alle im passwortgesch\u00fctzten <a href=\"http:\/\/306874.webhosting81.1blu.de\/gilde\/intern.htm\" target=\"_blank\" rel=\"noreferrer noopener\">Mitgliederbereich<\/a>.<\/p>\n\n\n\n<p>Pressespiegel:<br>&#8211; <a href=\"https:\/\/schuetzengildelohhof.de\/wp-content\/uploads\/2024\/01\/Merkur_20232812.jpg\" target=\"_blank\" rel=\"noreferrer noopener\">M\u00fcnchner Merkur<\/a> Lokalteil M\u00fcnchen Nord vom 28.12.2023<br>&#8211; &#8230;<\/p>\n","protected":false},"excerpt":{"rendered":"<p>Dieses Jahr feierte die Sch\u00fctzengilde Lohhof e.V. wieder die Jahresabschlussfeier im Gr\u00fcnen Saal direkt neben unserem Sch\u00fctzenst\u00fcberl. An der gut besuchten Feier am 16. Dezember 2023 freuten sich alle Sch\u00fctzenschwestern [&hellip;]<\/p>\n","protected":false},"author":2,"featured_media":0,"comment_status":"closed","ping_status":"open","sticky":false,"template":"","format":"standard","meta":{"footnotes":""},"categories":[3,4],"tags":[],"class_list":["post-870","post","type-post","status-publish","format-standard","hentry","category-sport","category-tradition"],"_links":{"self":[{"href":"https:\/\/schuetzengildelohhof.de\/index.php?rest_route=\/wp\/v2\/posts\/870","targetHints":{"allow":["GET"]}}],"collection":[{"href":"https:\/\/schuetzengildelohhof.de\/index.php?rest_route=\/wp\/v2\/posts"}],"about":[{"href":"https:\/\/schuetzengildelohhof.de\/index.php?rest_route=\/wp\/v2\/types\/post"}],"author":[{"embeddable":true,"href":"https:\/\/schuetzengildelohhof.de\/index.php?rest_route=\/wp\/v2\/users\/2"}],"replies":[{"embeddable":true,"href":"https:\/\/schuetzengildelohhof.de\/index.php?rest_route=%2Fwp%2Fv2%2Fcomments&post=870"}],"version-history":[{"count":3,"href":"https:\/\/schuetzengildelohhof.de\/index.php?rest_route=\/wp\/v2\/posts\/870\/revisions"}],"predecessor-version":[{"id":881,"href":"https:\/\/schuetzengildelohhof.de\/index.php?rest_route=\/wp\/v2\/posts\/870\/revisions\/881"}],"wp:attachment":[{"href":"https:\/\/schuetzengildelohhof.de\/index.php?rest_route=%2Fwp%2Fv2%2Fmedia&parent=870"}],"wp:term":[{"taxonomy":"category","embeddable":true,"href":"https:\/\/schuetzengildelohhof.de\/index.php?rest_route=%2Fwp%2Fv2%2Fcategories&post=870"},{"taxonomy":"post_tag","embeddable":true,"href":"https:\/\/schuetzengildelohhof.de\/index.php?rest_route=%2Fwp%2Fv2%2Ftags&post=870"}],"curies":[{"name":"wp","href":"https:\/\/api.w.org\/{rel}","templated":true}]}}