{"id":791,"date":"2022-12-19T14:15:36","date_gmt":"2022-12-19T13:15:36","guid":{"rendered":"https:\/\/schuetzengildelohhof.de\/?p=791"},"modified":"2023-01-10T18:47:53","modified_gmt":"2023-01-10T17:47:53","slug":"jahresabschlussfeier-2022","status":"publish","type":"post","link":"https:\/\/schuetzengildelohhof.de\/?p=791","title":{"rendered":"Jahresabschlussfeier 2022"},"content":{"rendered":"\n<p>Die Sch\u00fctzengilde Lohhof e.V. konnte nach 3-j\u00e4hriger Pause endlich wieder eine Jahresabschlussfeier abhalten und ihre K\u00f6nige proklamieren. An der sehr gut besuchten Feier am 18. Dezember 2022 in der Stadiogastst\u00e4tte freuten sich alle Sch\u00fctzenschwestern und -br\u00fcder endlich wieder gemeinsam diese sch\u00f6ne Tradition standesgem\u00e4\u00df feiern zu k\u00f6nnen.<\/p>\n\n\n\n<figure class=\"wp-block-image size-large\"><img loading=\"lazy\" decoding=\"async\" width=\"1024\" height=\"759\" src=\"https:\/\/schuetzengildelohhof.de\/wp-content\/uploads\/2022\/12\/Koenige_2023-1024x759.jpg\" alt=\"\" class=\"wp-image-793\" srcset=\"https:\/\/schuetzengildelohhof.de\/wp-content\/uploads\/2022\/12\/Koenige_2023-1024x759.jpg 1024w, https:\/\/schuetzengildelohhof.de\/wp-content\/uploads\/2022\/12\/Koenige_2023-300x222.jpg 300w, https:\/\/schuetzengildelohhof.de\/wp-content\/uploads\/2022\/12\/Koenige_2023-768x569.jpg 768w, https:\/\/schuetzengildelohhof.de\/wp-content\/uploads\/2022\/12\/Koenige_2023-1536x1138.jpg 1536w, https:\/\/schuetzengildelohhof.de\/wp-content\/uploads\/2022\/12\/Koenige_2023-2048x1517.jpg 2048w\" sizes=\"auto, (max-width: 1024px) 100vw, 1024px\" \/><figcaption class=\"wp-element-caption\">v.l.n.r.: Elena Ebi (Jugendsch\u00fctzenk\u00f6nigin), Lisa Forstner (Sch\u00fctzenk\u00f6nigin), Rudolf Thalhauser (Auflage-Sch\u00fctzenk\u00f6nig)<\/figcaption><\/figure>\n\n\n\n<p>Die neue (und alte) Sch\u00fctzenk\u00f6nigin 2023 ist Lisa Forstner, die mit dem besten Blattl weiterhin die Gilde mit der prachtvollen Kette repr\u00e4sentieren darf. Als Vertretung trafen die Eheleute Alexei Tsarev (Wurstk\u00f6nig) und Oxana Tsareva (Breznk\u00f6nigin) am Besten in die Mitte der K\u00f6nigsscheibe.<\/p>\n\n\n\n<p>Jugendsch\u00fctzenk\u00f6nigin wurde Elena Ebi, die erst vor wenigen Wochen mit dem Schie\u00dfen begonnen hat und damit gleich einen \u00fcberragenden Einstand hinlegte. Jugendwurstk\u00f6nig wurde Eddie Chen, Jugendbreznk\u00f6nigin Jennifer Zipperer.<\/p>\n\n\n\n<p>Die erst vor wenigen Jahren neu vergebene Kette f\u00fcr unsere alterserfahrenen Auflagesch\u00fctz*innen darf sich Rudolf Thalhauser im kommenden Jahr umh\u00e4ngen. Seine K\u00f6nigsvertreter sind Klaus Holler und Walter Ungnadner.<\/p>\n\n\n\n<p>W\u00e4hrend der Veranstaltung wurden nat\u00fcrlich auch die weiteren traditionellen Preise vergeben:<\/p>\n\n\n\n<p>Den Alterspreis \u201eHaglstecka\u201c verteidigte erfolgreich Josef Schmid.<br>Den Nikolauskorb gewann Rudolf Thalhauser. Auf die Weihnachtsscheibe darf sich Eva Tomasic verewigen.<\/p>\n\n\n\n<p>Am Abend wurden auch langj\u00e4hrige Mitglieder des Vereins geehrt. Allen voran m\u00f6chte sich die Sch\u00fctzengilde bei Marga und Klaus Holler und Brigitte Trostl f\u00fcr 50-j\u00e4hrige Vereinstreue bedanken! Sabine Sp\u00e4ngler, Siglinde und Walter Ungnadner feierten w\u00e4hrend der l\u00e4ngeren Zwangspause ihren 40. Vereinsjahrtag. Weitere Mitglieder wurden nat\u00fcrlich auch f\u00fcr Ihre 30-, 25-, 20- und 10-j\u00e4hrige Treue mit einer Urkunde und der Jubil\u00e4umsanstecknadel bedacht.<\/p>\n\n\n\n<p>Im Nachgang nochmals vielen Dank an alle aktiven und alle (zwangs-)passiven Mitglieder f\u00fcr Ihr Durchhalteverm\u00f6gen in den letzten Jahren. Im diesem Sinne w\u00fcrden wir uns freuen Euch und auch alle Interessierten im kommenden Jahr wieder pers\u00f6nlich im Sch\u00fctzenst\u00fcberl begr\u00fc\u00dfen zu d\u00fcrfen.<\/p>\n\n\n\n<p>Weitere <a rel=\"noreferrer noopener\" href=\"http:\/\/dshufelix.selfhost.eu\/\" target=\"_blank\">Fotos<\/a> finden Alle im passwortgesch\u00fctzten <a rel=\"noreferrer noopener\" href=\"http:\/\/306874.webhosting81.1blu.de\/gilde\/intern.htm\" target=\"_blank\">Mitgliederbereich<\/a>.<\/p>\n\n\n\n<hr class=\"wp-block-separator has-alpha-channel-opacity\"\/>\n\n\n<div class=\"wp-block-image\">\n<figure class=\"aligncenter size-large\"><img loading=\"lazy\" decoding=\"async\" width=\"1024\" height=\"406\" src=\"https:\/\/schuetzengildelohhof.de\/wp-content\/uploads\/2022\/12\/MuenchnerMerkur_20221222-1024x406.jpg\" alt=\"\" class=\"wp-image-797\" srcset=\"https:\/\/schuetzengildelohhof.de\/wp-content\/uploads\/2022\/12\/MuenchnerMerkur_20221222-1024x406.jpg 1024w, https:\/\/schuetzengildelohhof.de\/wp-content\/uploads\/2022\/12\/MuenchnerMerkur_20221222-300x119.jpg 300w, https:\/\/schuetzengildelohhof.de\/wp-content\/uploads\/2022\/12\/MuenchnerMerkur_20221222-768x304.jpg 768w, https:\/\/schuetzengildelohhof.de\/wp-content\/uploads\/2022\/12\/MuenchnerMerkur_20221222.jpg 1280w\" sizes=\"auto, (max-width: 1024px) 100vw, 1024px\" \/><figcaption class=\"wp-element-caption\">Artikel des <a href=\"https:\/\/www.merkur.de\/\" target=\"_blank\" rel=\"noreferrer noopener\">M\u00fcnchner Merkur<\/a> vom 22.12.2022<\/figcaption><\/figure>\n<\/div>\n\n\n<hr class=\"wp-block-separator has-alpha-channel-opacity\"\/>\n\n\n<div class=\"wp-block-image\">\n<figure class=\"aligncenter size-full\"><img loading=\"lazy\" decoding=\"async\" width=\"600\" height=\"319\" src=\"https:\/\/schuetzengildelohhof.de\/wp-content\/uploads\/2023\/01\/Forum_MNord_20230107.jpg\" alt=\"\" class=\"wp-image-803\" srcset=\"https:\/\/schuetzengildelohhof.de\/wp-content\/uploads\/2023\/01\/Forum_MNord_20230107.jpg 600w, https:\/\/schuetzengildelohhof.de\/wp-content\/uploads\/2023\/01\/Forum_MNord_20230107-300x160.jpg 300w\" sizes=\"auto, (max-width: 600px) 100vw, 600px\" \/><figcaption class=\"wp-element-caption\">Artikel des <a rel=\"noreferrer noopener\" href=\"https:\/\/epaper.mrs-muenchen.de\/webreader-v3\/index.html#\/809424\/2-3\" target=\"_blank\">Forum M\u00fcnchen Nord<\/a> vom 07.01.2023<\/figcaption><\/figure>\n<\/div>\n\n\n<hr class=\"wp-block-separator has-alpha-channel-opacity\"\/>\n\n\n<div class=\"wp-block-image\">\n<figure class=\"aligncenter size-full\"><img loading=\"lazy\" decoding=\"async\" width=\"468\" height=\"725\" src=\"https:\/\/schuetzengildelohhof.de\/wp-content\/uploads\/2023\/01\/LohhoferAnzeiger_2023-01.jpg\" alt=\"\" class=\"wp-image-804\" srcset=\"https:\/\/schuetzengildelohhof.de\/wp-content\/uploads\/2023\/01\/LohhoferAnzeiger_2023-01.jpg 468w, https:\/\/schuetzengildelohhof.de\/wp-content\/uploads\/2023\/01\/LohhoferAnzeiger_2023-01-194x300.jpg 194w\" sizes=\"auto, (max-width: 468px) 100vw, 468px\" \/><figcaption class=\"wp-element-caption\">Artikel des <a href=\"https:\/\/www.icu-net.de\/fileadmin\/dokumente\/lohhofer-landkreis-anzeiger\/2023\/1\/9_12.pdf\" target=\"_blank\" rel=\"noreferrer noopener\">Lohhofer Anzeiger<\/a> vom 07.01.2023<\/figcaption><\/figure>\n<\/div>\n\n\n<hr class=\"wp-block-separator has-alpha-channel-opacity\"\/>\n","protected":false},"excerpt":{"rendered":"<p>Die Sch\u00fctzengilde Lohhof e.V. konnte nach 3-j\u00e4hriger Pause endlich wieder eine Jahresabschlussfeier abhalten und ihre K\u00f6nige proklamieren. An der sehr gut besuchten Feier am 18. Dezember 2022 in der Stadiogastst\u00e4tte [&hellip;]<\/p>\n","protected":false},"author":2,"featured_media":0,"comment_status":"closed","ping_status":"open","sticky":false,"template":"","format":"standard","meta":{"footnotes":""},"categories":[5,4],"tags":[],"class_list":["post-791","post","type-post","status-publish","format-standard","hentry","category-organisation","category-tradition"],"_links":{"self":[{"href":"https:\/\/schuetzengildelohhof.de\/index.php?rest_route=\/wp\/v2\/posts\/791","targetHints":{"allow":["GET"]}}],"collection":[{"href":"https:\/\/schuetzengildelohhof.de\/index.php?rest_route=\/wp\/v2\/posts"}],"about":[{"href":"https:\/\/schuetzengildelohhof.de\/index.php?rest_route=\/wp\/v2\/types\/post"}],"author":[{"embeddable":true,"href":"https:\/\/schuetzengildelohhof.de\/index.php?rest_route=\/wp\/v2\/users\/2"}],"replies":[{"embeddable":true,"href":"https:\/\/schuetzengildelohhof.de\/index.php?rest_route=%2Fwp%2Fv2%2Fcomments&post=791"}],"version-history":[{"count":6,"href":"https:\/\/schuetzengildelohhof.de\/index.php?rest_route=\/wp\/v2\/posts\/791\/revisions"}],"predecessor-version":[{"id":805,"href":"https:\/\/schuetzengildelohhof.de\/index.php?rest_route=\/wp\/v2\/posts\/791\/revisions\/805"}],"wp:attachment":[{"href":"https:\/\/schuetzengildelohhof.de\/index.php?rest_route=%2Fwp%2Fv2%2Fmedia&parent=791"}],"wp:term":[{"taxonomy":"category","embeddable":true,"href":"https:\/\/schuetzengildelohhof.de\/index.php?rest_route=%2Fwp%2Fv2%2Fcategories&post=791"},{"taxonomy":"post_tag","embeddable":true,"href":"https:\/\/schuetzengildelohhof.de\/index.php?rest_route=%2Fwp%2Fv2%2Ftags&post=791"}],"curies":[{"name":"wp","href":"https:\/\/api.w.org\/{rel}","templated":true}]}}